{"id":1437,"date":"2021-10-20T17:13:18","date_gmt":"2021-10-20T17:13:18","guid":{"rendered":"https:\/\/rezensionen.afet.de\/?p=1437"},"modified":"2021-10-20T17:13:20","modified_gmt":"2021-10-20T17:13:20","slug":"frank-hinkelmann-von-oesterreich-in-alle-welt","status":"publish","type":"post","link":"https:\/\/rezensionen.afet.de\/?p=1437","title":{"rendered":"Frank Hinkelmann: Von \u00d6sterreich in alle Welt"},"content":{"rendered":"\n<p>Frank Hinkelmann: <em>Von \u00d6sterreich in alle Welt.Geschichte der \u00f6sterreichischen protestantischen Weltmission von der Reformationszeit bis zum Ausgang des 20.\u00a0Jahrhunderts<\/em>, Studien zur Geschichte christlicher Bewegungen reformatorischer Tradition in \u00d6sterreich 10, Bonn: Verlag f\u00fcr Kultur und Wissenschaft 2017, Pb., 166\u00a0S., \u20ac\u00a014,80, ISBN\u00a0<a href=\"https:\/\/vkwonline.com\/Von-Oesterreich-in-alle-Welt\" data-type=\"URL\" data-id=\"https:\/\/vkwonline.com\/Von-Oesterreich-in-alle-Welt\" target=\"_blank\" rel=\"noreferrer noopener\">978-3-86269-134-0<\/a><\/p>\n\n\n\n<div class=\"dwnldbtn\">[e2pdf-download id=&#8221;1&#8243;]<\/div>\n\n\n\n<hr class=\"wp-block-separator\"\/>\n\n\n\n<p>Der Gegenstand des vorliegenden Buches mag \u00fcberraschen; wird doch \u00d6sterreich aus deutscher Perspektive meist als ein \u00fcberwiegend katholisches Land wahrgenommen, welches wenn \u00fcberhaupt dann eher Missionsland denn Heimatbasis f\u00fcr evangelische Weltmission sein sollte. Das macht neugierig und regt zum Lesen an, zumal mit Hinkelmann als Verfasser ein ausgesprochener Kenner und Liebhaber der \u00f6sterreichischen Kirchen- und Missionsgeschichte diese materialreiche Studie vorlegt.<\/p>\n\n\n\n<p>Erstaunlich ist es, wenn schon auf den ersten Seiten klar wird, dass mit Hans Ungnad Freiherr von Sonnegg und Caspar Tauber zwei \u00d6sterreicher aus der Reformationszeit zu nennen sind, die durch ihre missionarischen Initiativen eine erste Bibelanstalt ins Leben riefen, welche Bibeln in Slowenischer und anderen Sprachen des Balkans \u00fcbersetzte und verbreitete. Ungnad war von einer allgemeinen Missionspflicht aller Christen \u00fcberzeugt und zielte mit seiner Initiative auch auf eine Bekehrung der T\u00fcrken.<\/p>\n\n\n\n<p>Es sollte wieder ein \u00d6sterreicher sein, der ein Jahrhundert sp\u00e4ter durch seine Schriften half, der im Pietismus aufbrechenden evangelischen Missionsbewegung den Weg zu weisen: Justinian von Welz. Er verfolgte zum ersten Mal den Gedanken einer protestantischen Missionsgesellschaft und verwarf die Vorstellung, dass die Mission zur Zeit der Apostel zum Abschluss gekommen sei. Er ging selber als Missionar nach Surinam, wo er wahrscheinlich 1668 ums Leben kam. Richtig ist sicher auch die Bemerkung des Autors, dass Nikolaus Ludwig Graf von Zinzendorf aus \u00f6sterreichischem Uradel stammte und die herrnhutische Mission im 18. Jahrhundert die Initiative eines aus einer \u00f6sterreichischen Familie stammenden Grafen darstellt.<\/p>\n\n\n\n<p>Im 19. Jahrhundert erm\u00f6glichte es dann die Basler Mission, dass eine Reihe von \u00f6sterreichischen Missionaren ausgesendet wurde. Dadurch wuchs auch das Missionsinteresse unter den \u00f6sterreichischen protestantischen Gemeinden und es entstanden einzelne \u00f6sterreichische Missionsvereine, die sich zum Ziel setzten, die Weltmission zu unterst\u00fctzen.<\/p>\n\n\n\n<p>Trotz der f\u00fcr die Mission desastr\u00f6sen Folgen der zwei Weltkriege regte sich nach 1945 neues Missionsleben in \u00d6sterreich. Es entstand der evangelische Arbeitskreis f\u00fcr Weltmission, der sich sp\u00e4ter zum \u00f6sterreichischen Missionsrat weiterentwickelte. Erste \u00f6sterreichische Missionare konnten wieder ausreisen. Vor allem in pietistisch und evangelikal gepr\u00e4gten Kreisen in und au\u00dferhalb der Landeskirche wuchs das Interesse an Mission. Die \u00f6sterreichische Missionsgemeinschaft wurde 1954 gegr\u00fcndet, eine erste evangelische Missionsgesellschaft in \u00d6sterreich. Es kam zu weiteren Aussendungen, meist durch evangelikal ausgerichtete Missionswerke, die einen Aufschwung ab etwa 1975 erlebten und Ende der neunziger Jahre 40 Missionare aus \u00d6sterreich weltweit unterst\u00fctzten. 1999 schlossen sich \u00f6sterreichische Missionen und Zweige anderer Missionen in \u00d6sterreich zusammen zur Arbeitsgemeinschaft Evangelikaler Missionen in \u00d6sterreich. Mit akribischer Genauigkeit und viel Forscherflei\u00df tr\u00e4gt der Verfasser alle Namen, Lebensdaten und wo m\u00f6glich auch kurze biographische Hinweise \u00fcber alle \u00f6sterreichischen protestantischen Missionare und Missionarinnen seit der Reformationszeit bis in die Gegenwart zusammen. Damit schlie\u00dft der Autor eine Forschungsl\u00fccke; mir ist kein Buch bekannt, dass so konzentriert die von \u00d6sterreich ausgehenden protestantische Missionsbem\u00fchungen zusammenfassend darstellt. Dem Buch ist ein Anhang beigef\u00fcgt, der erstmals verschiedene \u00f6sterreichische Dokumente zur evangelischen Weltmission zusammenbindet und dem Forscher und Leser zug\u00e4nglich macht.<\/p>\n\n\n\n<hr class=\"wp-block-separator\"\/>\n\n\n\n<p><em>Prof. Dr. Bernd Brandl, Internationale Hochschule Liebenzell, Bad Liebenzell<\/em><\/p>\n","protected":false},"excerpt":{"rendered":"<p>Frank Hinkelmann: Von \u00d6sterreich in alle Welt.Geschichte der \u00f6sterreichischen protestantischen Weltmission von der Reformationszeit bis zum Ausgang des 20.\u00a0Jahrhunderts, Studien<\/p>\n","protected":false},"author":99,"featured_media":1438,"comment_status":"closed","ping_status":"closed","sticky":false,"template":"","format":"standard","meta":{"colormag_page_container_layout":"default_layout","colormag_page_sidebar_layout":"default_layout","inline_featured_image":false,"footnotes":""},"categories":[7],"tags":[],"class_list":["post-1437","post","type-post","status-publish","format-standard","has-post-thumbnail","hentry","category-historische-theologie"],"_links":{"self":[{"href":"https:\/\/rezensionen.afet.de\/index.php?rest_route=\/wp\/v2\/posts\/1437","targetHints":{"allow":["GET"]}}],"collection":[{"href":"https:\/\/rezensionen.afet.de\/index.php?rest_route=\/wp\/v2\/posts"}],"about":[{"href":"https:\/\/rezensionen.afet.de\/index.php?rest_route=\/wp\/v2\/types\/post"}],"author":[{"embeddable":true,"href":"https:\/\/rezensionen.afet.de\/index.php?rest_route=\/wp\/v2\/users\/99"}],"replies":[{"embeddable":true,"href":"https:\/\/rezensionen.afet.de\/index.php?rest_route=%2Fwp%2Fv2%2Fcomments&post=1437"}],"version-history":[{"count":1,"href":"https:\/\/rezensionen.afet.de\/index.php?rest_route=\/wp\/v2\/posts\/1437\/revisions"}],"predecessor-version":[{"id":1439,"href":"https:\/\/rezensionen.afet.de\/index.php?rest_route=\/wp\/v2\/posts\/1437\/revisions\/1439"}],"wp:featuredmedia":[{"embeddable":true,"href":"https:\/\/rezensionen.afet.de\/index.php?rest_route=\/wp\/v2\/media\/1438"}],"wp:attachment":[{"href":"https:\/\/rezensionen.afet.de\/index.php?rest_route=%2Fwp%2Fv2%2Fmedia&parent=1437"}],"wp:term":[{"taxonomy":"category","embeddable":true,"href":"https:\/\/rezensionen.afet.de\/index.php?rest_route=%2Fwp%2Fv2%2Fcategories&post=1437"},{"taxonomy":"post_tag","embeddable":true,"href":"https:\/\/rezensionen.afet.de\/index.php?rest_route=%2Fwp%2Fv2%2Ftags&post=1437"}],"curies":[{"name":"wp","href":"https:\/\/api.w.org\/{rel}","templated":true}]}}