{"id":1788,"date":"2022-10-22T19:37:05","date_gmt":"2022-10-22T19:37:05","guid":{"rendered":"https:\/\/rezensionen.afet.de\/?p=1788"},"modified":"2023-01-23T11:06:31","modified_gmt":"2023-01-23T11:06:31","slug":"hristian-eyselein-christel-keller-wentorf-gerhard-knodt-klaus-raschzok-hg-evangelische-aszetik","status":"publish","type":"post","link":"https:\/\/rezensionen.afet.de\/?p=1788","title":{"rendered":"Christian Eyselein \/ Christel Keller-Wentorf \/ Gerhard Knodt \/ Klaus Raschzok (Hg.): Evangelische Aszetik"},"content":{"rendered":"\n<p>Christian Eyselein \/ Christel Keller-Wentorf \/ Gerhard Knodt \/ Klaus Raschzok (Hg.): <em>Evangelische Aszetik. Ein Programm macht Schule<\/em>, Leipzig: Evangelische Verlagsanstalt, 2021, geb., 271&nbsp;S., \u20ac&nbsp;48,\u2013, ISBN <a href=\"https:\/\/www.eva-leipzig.de\/product_info.php?info=p5083_Evangelische-Aszetik.html&amp;XTCsid=f16c820b955ca6b2ed5eca131178086b\" data-type=\"URL\" data-id=\"https:\/\/www.eva-leipzig.de\/product_info.php?info=p5083_Evangelische-Aszetik.html&amp;XTCsid=f16c820b955ca6b2ed5eca131178086b\">978-3-374-06790-9<\/a><\/p>\n\n\n\n<hr class=\"wp-block-separator has-alpha-channel-opacity\"\/>\n\n\n\n<p>Der vorliegende Band ist eine Sammlung von Beitr\u00e4gen von Mitarbeitern und G\u00e4sten des Instituts f\u00fcr evangelische Aszetik an der Augustana-Hochschule in Neuendettelsau, das 2007 als erstes und bislang einziges Spezialinstitut zur Erforschung einer evangelischen Spiritualit\u00e4t an einer evangelischen Fakult\u00e4t bzw. Hochschule gegr\u00fcndet wurde. Ziel der Herausgeber ist es, \u201eEinblick in die wissenschaftlichen Grundlagen f\u00fcr die Reflexion geistlicher Erfahrung in den unterschiedlichen Fr\u00f6mmigkeitsformen zu gew\u00e4hren\u201c (5) und dadurch in eine evangelische Aszetik einzuf\u00fchren, f\u00fcr die sie sich eine weitere Verbreitung und Erforschung w\u00fcnschen.<\/p>\n\n\n\n<p>Die insgesamt 18 verschiedenen Beitr\u00e4ge tragen auf unterschiedliche Weise zu diesem Ziel bei. Am Anfang des Bandes stehen vier Beitr\u00e4ge, die die Grundlagen f\u00fcr eine evangelische Aszetik legen (9\u201371). Aszetik wird entfaltet als \u201eTeildisziplin von Praktischer Theologie \u2026, welche in die spezifische Gestalt protestantisch gepr\u00e4gter Fr\u00f6mmigkeit in \u00f6kumenischer Weite und unter Beachtung des gegenw\u00e4rtigen Kontexts einf\u00fchrt\u201c (64). Im Fokus steht dabei die \u201eEin- und Aus\u00fcbung der Fr\u00f6mmigkeit\u201c (11). Ausgehend von der beobachteten Distanz zwischen Theologie und Fr\u00f6mmigkeitspraxis in der evangelischen Tradition, wird die \u201eNeuentdeckung\u201c einer evangelischen Aszetik durch Manfred Seitz und Rudolf Bohren nachgezeichnet. Zur konkreten Ausgestaltung der Disziplin der Aszetik liefern Seitz, Raschzok und Th\u00f6le Beitr\u00e4ge, die den Forschungsgegenstand und die theologischen Grundlagen der Aszetik darlegen, sowie f\u00fcr eine grundlegend \u201easzetische Perspektive\u201c in der wissenschaftlichen Theologie pl\u00e4dieren, welche die theologische Reflexion mit der Praxis des christlichen Lebens verbindet. Abgerundet wird dies von Vorschl\u00e4gen zu einer Didaktik der Spiritualit\u00e4t.<\/p>\n\n\n\n<p>Es folgen vier Beitr\u00e4ge, die im R\u00fcckgriff auf kirchengeschichtliche Vorbilder in konkrete geistliche \u00dcbungen bzw. Teilaspekte einer gelebten Fr\u00f6mmigkeit einf\u00fchren und dabei geschickt die Br\u00fccke in die gegenw\u00e4rtige Zeit schlagen (73\u2013140; 147\u2013160).<\/p>\n\n\n\n<p>Neben zwei Beitr\u00e4gen, die sich mit der Ausgestaltung von Spiritualit\u00e4t im pluralistischen und s\u00e4kularen Kontext befassen (175\u2013188; 205\u2013220), wird au\u00dferdem in drei Kapiteln der Frage nachgesp\u00fcrt, wie ein Fokus auf das geistliche Leben st\u00e4rker in die Ausbildung von Pfarrerinnen und Pfarrern integriert werden k\u00f6nnte, da \u201ezum gestalteten Glauben [\u2026] nur f\u00fchren [kann], wer selbst solche F\u00fchrung erfahren hat und in einem geistlichen Leben steht\u201c (142).<\/p>\n\n\n\n<p>Diese Schwerpunkte des Bandes werden erg\u00e4nzt durch Beitr\u00e4ge, die die Arbeit des Instituts und ihres Mitbegr\u00fcnders Manfred Seitz w\u00fcrdigen, einen Auszug einer \u00dcbersetzung der Aszetik von Gisbertus Voetius von 1664, dessen Werk grundlegend f\u00fcr das Institut ist, sowie Kapiteln, die den Beitrag geistlicher Gemeinschaften f\u00fcr die Aszetik erheben und die Aszetik religionswissenschaftlich einordnen.<\/p>\n\n\n\n<p>Als besonders wertvoll erweisen sich in der Gesamtschau die Grundlagenkapitel, die die Disziplin der evangelischen Aszetik umrei\u00dfen und sowohl Lehrenden als auch Studierenden der Theologie dabei helfen, Fragen christlicher Spiritualit\u00e4t in der theologischen Forschung und Ausbildung verst\u00e4rkt in den Blick zu nehmen. Dar\u00fcber hinaus lassen sich weiterf\u00fchrende Impulse zur Ausgestaltung verschiedener Teilaspekte von Spiritualit\u00e4t im s\u00e4kularen Kontext gewinnen. Eine stringentere thematische Anordnung der Beitr\u00e4ge h\u00e4tte dem Band gutgetan und die verschiedenen Facetten einer evangelischen Aszetik deutlicher zu Tage treten lassen. Au\u00dferdem w\u00e4re ein Beitrag hilfreich gewesen, der die von den verschiedenen Autoren vorgeschlagenen Konturen einer evangelischen Aszetik in einem koh\u00e4renten Gesamtentwurf zusammenfasst. <\/p>\n\n\n\n<hr class=\"wp-block-separator has-alpha-channel-opacity\"\/>\n\n\n\n<p><em>Matthias Voigt, M.A., Pastor in Hamburg und wissenschaftlicher Mitarbeiter der FTH Gie\u00dfen<\/em><\/p>\n","protected":false},"excerpt":{"rendered":"<p>Christian Eyselein \/ Christel Keller-Wentorf \/ Gerhard Knodt \/ Klaus Raschzok (Hg.): Evangelische Aszetik. Ein Programm macht Schule, Leipzig: Evangelische<\/p>\n","protected":false},"author":116,"featured_media":1789,"comment_status":"closed","ping_status":"closed","sticky":false,"template":"","format":"standard","meta":{"colormag_page_container_layout":"default_layout","colormag_page_sidebar_layout":"default_layout","inline_featured_image":false,"footnotes":""},"categories":[6],"tags":[],"class_list":["post-1788","post","type-post","status-publish","format-standard","has-post-thumbnail","hentry","category-praktische-theologie"],"_links":{"self":[{"href":"https:\/\/rezensionen.afet.de\/index.php?rest_route=\/wp\/v2\/posts\/1788","targetHints":{"allow":["GET"]}}],"collection":[{"href":"https:\/\/rezensionen.afet.de\/index.php?rest_route=\/wp\/v2\/posts"}],"about":[{"href":"https:\/\/rezensionen.afet.de\/index.php?rest_route=\/wp\/v2\/types\/post"}],"author":[{"embeddable":true,"href":"https:\/\/rezensionen.afet.de\/index.php?rest_route=\/wp\/v2\/users\/116"}],"replies":[{"embeddable":true,"href":"https:\/\/rezensionen.afet.de\/index.php?rest_route=%2Fwp%2Fv2%2Fcomments&post=1788"}],"version-history":[{"count":2,"href":"https:\/\/rezensionen.afet.de\/index.php?rest_route=\/wp\/v2\/posts\/1788\/revisions"}],"predecessor-version":[{"id":1797,"href":"https:\/\/rezensionen.afet.de\/index.php?rest_route=\/wp\/v2\/posts\/1788\/revisions\/1797"}],"wp:featuredmedia":[{"embeddable":true,"href":"https:\/\/rezensionen.afet.de\/index.php?rest_route=\/wp\/v2\/media\/1789"}],"wp:attachment":[{"href":"https:\/\/rezensionen.afet.de\/index.php?rest_route=%2Fwp%2Fv2%2Fmedia&parent=1788"}],"wp:term":[{"taxonomy":"category","embeddable":true,"href":"https:\/\/rezensionen.afet.de\/index.php?rest_route=%2Fwp%2Fv2%2Fcategories&post=1788"},{"taxonomy":"post_tag","embeddable":true,"href":"https:\/\/rezensionen.afet.de\/index.php?rest_route=%2Fwp%2Fv2%2Ftags&post=1788"}],"curies":[{"name":"wp","href":"https:\/\/api.w.org\/{rel}","templated":true}]}}