{"id":1791,"date":"2022-10-22T19:38:45","date_gmt":"2022-10-22T19:38:45","guid":{"rendered":"https:\/\/rezensionen.afet.de\/?p=1791"},"modified":"2022-10-22T19:38:47","modified_gmt":"2022-10-22T19:38:47","slug":"maximilian-baden-warum-studierst-du-theologie","status":"publish","type":"post","link":"https:\/\/rezensionen.afet.de\/?p=1791","title":{"rendered":"Maximilian Baden: Warum studierst du Theologie"},"content":{"rendered":"\n<p>Maximilian Baden: <em>Warum studierst du Theologie: Eine Untersuchung zur Motivation von Erstsemestern<\/em>, Arbeiten zur Praktischen Theologie 83, Leipzig: Evangelische Verlagsanstalt, 2021, Hardcover, 490\u00a0S., \u20ac\u00a029,\u2013, ISBN <a href=\"https:\/\/www.eva-leipzig.de\/product_info.php?info=p5052_Warum-studierst-Du-Theologie-.html&amp;XTCsid=f16c820b955ca6b2ed5eca131178086b\" data-type=\"URL\" data-id=\"https:\/\/www.eva-leipzig.de\/product_info.php?info=p5052_Warum-studierst-Du-Theologie-.html&amp;XTCsid=f16c820b955ca6b2ed5eca131178086b\">978-3-374-06784-8<\/a><\/p>\n\n\n\n<hr class=\"wp-block-separator has-alpha-channel-opacity\"\/>\n\n\n\n<p>Warum studieren junge Menschen heute Theologie? Wer oder was motiviert sie dazu? Was erhoffen sie vom Studium und welches Pfarrbild entspricht ihren Vorstellungen? Auf diese u. a. Fragen liefert M. Baden in der vorliegenden Dissertation differenzierte Antworten. Anlass seiner quantitativen, empirischen Untersuchung ist neben pers\u00f6nlichen Erlebnissen der evidente Pfarrermangel. Daher sieht er die Relevanz der Arbeit z.&nbsp;B. in der Nachwuchswerbung, der Entwicklung von Zukunftsmodellen der Kirche, der Entwicklung von pastoraltheologischen Leitbildern sowie in einer angemessenen Studiengestaltung (17). Die Umfrage wurde durch finanzielle Unterst\u00fctzung der EKD in zwei Wellen durchgef\u00fchrt (2016\/17 und 2017\/18), zun\u00e4chst an 25, dann an 22 deutschen Fakult\u00e4ten, au\u00dferdem an vier Fakult\u00e4ten in \u00d6sterreich und Schweiz. Insgesamt wurden 595 Erstsemesterstudierende befragt (108), f\u00fcr die der Pfarrberuf eine berufliche M\u00f6glichkeit erscheint (32). Baden geht davon aus, dass er damit einen gro\u00dfen \u201eTeil der tats\u00e4chlichen Theologiestudierenden aus der Zielgruppe\u201c erfasst hat, womit er die offiziellen Studierendenzahlen als \u201eScheinzahlen\u201c entlarvt (112). Die Befragung l\u00e4sst freikirchliche Ausbildungsst\u00e4tten au\u00dfen vor, was der Autor selbst als Vers\u00e4umnis einr\u00e4umt (33).<\/p>\n\n\n\n<p>Kap. 1 liefert eine solide Begr\u00fcndung der Methodik und Beschreibung des Forschungsverlaufs. Der quantitative Ansatz wurde gew\u00e4hlt, um gel\u00e4ufige Thesen zu pr\u00fcfen, H\u00e4ufigkeiten festzustellen und die empirische Wirklichkeit zu beschreiben (28). In den Kap. 2 und 3 werden pastoraltheologische und motivationspsychologische Perspektiven aufgezeigt, die den Theorierahmen f\u00fcr die Konzeption des Fragebogens und auch der Datenanalyse bilden. Die theoretische Grundlegung (Kap. 1\u20133) ist kurz und zielf\u00fchrend, was sich auch in der Literaturliste widerspiegelt, die mit ca. 120 Titeln knapp ist und lediglich f\u00fcr die Perspektive der Motivationspsychologie auch internationale Forschungen einbezieht, nicht aber f\u00fcr die pastoraltheologische Perspektive.<\/p>\n\n\n\n<p>Schwerpunkt dieser Untersuchung liegt in der Darstellung der empirischen Erhebung (Kap. 5\u201310), welche die Motivation der Studierenden mit den Aspekten der eigenen <em>Person<\/em> und <em>Situation<\/em> sowie dem <em>Theologiestudieren selbst<\/em>, dem <em>Pfarrberuf<\/em>, der <em>Zukunft der Kirche<\/em> und einer <em>eigenen Berufung<\/em> verbindet. Die klar geordnete Darstellung der Befunde sowie deren Verankerung im vorher beschriebenen Theorierahmen sind schl\u00fcssig und aufschlussreich. An manchen Stellen finden sich in der Analyse der Daten spekulative Vermutungen und Interpretationen, die man teilen kann, aber nicht muss. Dennoch erh\u00e4lt der Leser einen differenzierten Blick auf die Studienmotivation von Erstsemestern im Theologiestudium, was zahlreiche hilfreiche Anhaltspunkte f\u00fcr die Nachwuchsgewinnung und Gestaltung von Curricula erm\u00f6glicht. Z.&nbsp;B. ist der Weg ins Theologiestudium h\u00e4ufig ein Zusammenspiel aufeinander aufbauender Faktoren, wie famili\u00e4rer Hintergrund, Teilnahme und Mitarbeit in kirchlichen Gruppen sowie enge kirchliche Bezugspersonen (Kap. 5). Gesch\u00e4tzt wird von den Erstsemestern am Theologiestudium vor allem die Auseinandersetzung mit aktuellen Fragen des christlichen Glaubens und das Studieren des pers\u00f6nlichen Glaubens (248). Sie haben gro\u00dfe Freude, sich sozial zu engagieren (250) und ihr gr\u00f6\u00dftes Interesse am Pfarrberuf liegt in der Seelsorge und Lebensbegleitung (315). Als wichtigste Strukturbedingung wird die Vereinbarkeit von Familie und Beruf genannt (332).<\/p>\n\n\n\n<p>Mit ihrer vielf\u00e4ltigen und differenzierten Wahrnehmung der Wirklichkeit ist diese Arbeit als hilfreiche Gegenwartsanalyse zu w\u00fcrdigen. Wer Verantwortung tr\u00e4gt f\u00fcr Zukunftsplanungen an Theologischen Ausbildungsst\u00e4tten findet hier hilfreiche Anhaltspunkte.<\/p>\n\n\n\n<hr class=\"wp-block-separator has-alpha-channel-opacity\"\/>\n\n\n\n<p><em>Judith Hildebrandt M.A., Wiss. Mitarbeiterin an der FTH Gie\u00dfen<\/em><\/p>\n","protected":false},"excerpt":{"rendered":"<p>Maximilian Baden: Warum studierst du Theologie: Eine Untersuchung zur Motivation von Erstsemestern, Arbeiten zur Praktischen Theologie 83, Leipzig: Evangelische Verlagsanstalt,<\/p>\n","protected":false},"author":68,"featured_media":1792,"comment_status":"closed","ping_status":"closed","sticky":false,"template":"","format":"standard","meta":{"colormag_page_container_layout":"default_layout","colormag_page_sidebar_layout":"default_layout","inline_featured_image":false,"footnotes":""},"categories":[6],"tags":[],"class_list":["post-1791","post","type-post","status-publish","format-standard","has-post-thumbnail","hentry","category-praktische-theologie"],"_links":{"self":[{"href":"https:\/\/rezensionen.afet.de\/index.php?rest_route=\/wp\/v2\/posts\/1791","targetHints":{"allow":["GET"]}}],"collection":[{"href":"https:\/\/rezensionen.afet.de\/index.php?rest_route=\/wp\/v2\/posts"}],"about":[{"href":"https:\/\/rezensionen.afet.de\/index.php?rest_route=\/wp\/v2\/types\/post"}],"author":[{"embeddable":true,"href":"https:\/\/rezensionen.afet.de\/index.php?rest_route=\/wp\/v2\/users\/68"}],"replies":[{"embeddable":true,"href":"https:\/\/rezensionen.afet.de\/index.php?rest_route=%2Fwp%2Fv2%2Fcomments&post=1791"}],"version-history":[{"count":1,"href":"https:\/\/rezensionen.afet.de\/index.php?rest_route=\/wp\/v2\/posts\/1791\/revisions"}],"predecessor-version":[{"id":1793,"href":"https:\/\/rezensionen.afet.de\/index.php?rest_route=\/wp\/v2\/posts\/1791\/revisions\/1793"}],"wp:featuredmedia":[{"embeddable":true,"href":"https:\/\/rezensionen.afet.de\/index.php?rest_route=\/wp\/v2\/media\/1792"}],"wp:attachment":[{"href":"https:\/\/rezensionen.afet.de\/index.php?rest_route=%2Fwp%2Fv2%2Fmedia&parent=1791"}],"wp:term":[{"taxonomy":"category","embeddable":true,"href":"https:\/\/rezensionen.afet.de\/index.php?rest_route=%2Fwp%2Fv2%2Fcategories&post=1791"},{"taxonomy":"post_tag","embeddable":true,"href":"https:\/\/rezensionen.afet.de\/index.php?rest_route=%2Fwp%2Fv2%2Ftags&post=1791"}],"curies":[{"name":"wp","href":"https:\/\/api.w.org\/{rel}","templated":true}]}}